{"id":3231,"date":"2023-01-13T14:37:17","date_gmt":"2023-01-13T13:37:17","guid":{"rendered":"https:\/\/wp-test.sevengroup.fr\/?p=3231"},"modified":"2024-10-11T10:37:21","modified_gmt":"2024-10-11T08:37:21","slug":"ouverture-nouvelle-agence-espagne","status":"publish","type":"post","link":"https:\/\/www.agema.fr\/de\/ouverture-nouvelle-agence-espagne\/","title":{"rendered":"Er\u00f6ffnung einer neuen Niederlassung in Spanien!"},"content":{"rendered":"\t\t<div data-elementor-type=\"wp-post\" data-elementor-id=\"3231\" class=\"elementor elementor-3231\" data-elementor-post-type=\"post\">\n\t\t\t\t\t\t<section class=\"elementor-section elementor-top-section elementor-element elementor-element-0cf7a71 elementor-section-boxed elementor-section-height-default elementor-section-height-default\" data-id=\"0cf7a71\" data-element_type=\"section\" data-e-type=\"section\">\n\t\t\t\t\t\t<div class=\"elementor-container elementor-column-gap-default\">\n\t\t\t\t\t<div class=\"elementor-column elementor-col-100 elementor-top-column elementor-element elementor-element-35c592e\" data-id=\"35c592e\" data-element_type=\"column\" data-e-type=\"column\">\n\t\t\t<div class=\"elementor-widget-wrap elementor-element-populated\">\n\t\t\t\t\t\t<div class=\"elementor-element elementor-element-e563c4a elementor-widget elementor-widget-image\" data-id=\"e563c4a\" data-element_type=\"widget\" data-e-type=\"widget\" data-widget_type=\"image.default\">\n\t\t\t\t<div class=\"elementor-widget-container\">\n\t\t\t\t\t\t\t\t\t\t\t\t\t\t\t<img fetchpriority=\"high\" decoding=\"async\" width=\"940\" height=\"540\" src=\"https:\/\/www.agema.fr\/wp-content\/uploads\/2023\/01\/Malaga.png\" class=\"attachment-full size-full wp-image-3341\" alt=\"\" srcset=\"https:\/\/www.agema.fr\/wp-content\/uploads\/2023\/01\/Malaga.png 940w, https:\/\/www.agema.fr\/wp-content\/uploads\/2023\/01\/Malaga-300x172.png 300w, https:\/\/www.agema.fr\/wp-content\/uploads\/2023\/01\/Malaga-768x441.png 768w, https:\/\/www.agema.fr\/wp-content\/uploads\/2023\/01\/Malaga-475x273.png 475w, https:\/\/www.agema.fr\/wp-content\/uploads\/2023\/01\/Malaga-389x223.png 389w, https:\/\/www.agema.fr\/wp-content\/uploads\/2023\/01\/Malaga-778x447.png 778w, https:\/\/www.agema.fr\/wp-content\/uploads\/2023\/01\/Malaga-480x276.png 480w\" sizes=\"(max-width: 940px) 100vw, 940px\" \/>\t\t\t\t\t\t\t\t\t\t\t\t\t\t\t<\/div>\n\t\t\t\t<\/div>\n\t\t\t\t<div class=\"elementor-element elementor-element-1472206 animated-slow elementor-invisible elementor-widget elementor-widget-heading\" data-id=\"1472206\" data-element_type=\"widget\" data-e-type=\"widget\" data-settings=\"{&quot;motion_fx_motion_fx_scrolling&quot;:&quot;yes&quot;,&quot;motion_fx_translateY_effect&quot;:&quot;yes&quot;,&quot;motion_fx_translateY_speed&quot;:{&quot;unit&quot;:&quot;px&quot;,&quot;size&quot;:0.5,&quot;sizes&quot;:[]},&quot;_animation&quot;:&quot;fadeInUp&quot;,&quot;motion_fx_translateY_affectedRange&quot;:{&quot;unit&quot;:&quot;%&quot;,&quot;size&quot;:&quot;&quot;,&quot;sizes&quot;:{&quot;start&quot;:0,&quot;end&quot;:100}},&quot;motion_fx_devices&quot;:[&quot;desktop&quot;,&quot;tablet&quot;,&quot;mobile&quot;]}\" data-widget_type=\"heading.default\">\n\t\t\t\t<div class=\"elementor-widget-container\">\n\t\t\t\t\t<h2 class=\"elementor-heading-title elementor-size-default\">Ouverture d\u2019une nouvelle agence en Espagne ! <\/h2>\t\t\t\t<\/div>\n\t\t\t\t<\/div>\n\t\t\t\t<div class=\"elementor-element elementor-element-404067d elementor-widget elementor-widget-text-editor\" data-id=\"404067d\" data-element_type=\"widget\" data-e-type=\"widget\" data-widget_type=\"text-editor.default\">\n\t\t\t\t<div class=\"elementor-widget-container\">\n\t\t\t\t\t\t\t\t\t<p>Le Groupe Agema franchit une nouvelle \u00e9tape dans son d\u00e9veloppement en Espagne en ouvrant une agence \u00e0 Malaga !<\/p><p>Avec cette nouvelle implantation, la troisi\u00e8me en Espagne (apr\u00e8s Madrid et Barcelone), Agema poursuit son objectif de s\u2019inscrire durablement sur ce territoire et de se familiariser \u00e0 de nouveaux modes op\u00e9ratoires permettant aux \u00e9quipes le d\u00e9veloppement leur expertise.<\/p><p>C\u2019est au sud de l\u2019Espagne qu\u2019Agema a donc d\u00e9cid\u00e9 de se rapprocher de ses futurs clients et de les accompagner au plus pr\u00e8s de leurs besoins.<\/p>\t\t\t\t\t\t\t\t<\/div>\n\t\t\t\t<\/div>\n\t\t\t\t\t<\/div>\n\t\t<\/div>\n\t\t\t\t\t<\/div>\n\t\t<\/section>\n\t\t\t\t<section class=\"elementor-section elementor-top-section elementor-element elementor-element-d94b797 elementor-section-full_width elementor-section-height-default elementor-section-height-default\" data-id=\"d94b797\" data-element_type=\"section\" data-e-type=\"section\" data-settings=\"{&quot;background_background&quot;:&quot;classic&quot;}\">\n\t\t\t\t\t\t\t<div class=\"elementor-background-overlay\"><\/div>\n\t\t\t\t\t\t\t<div class=\"elementor-container elementor-column-gap-default\">\n\t\t\t\t\t<div class=\"elementor-column elementor-col-33 elementor-top-column elementor-element elementor-element-afdc507\" data-id=\"afdc507\" data-element_type=\"column\" data-e-type=\"column\">\n\t\t\t<div class=\"elementor-widget-wrap elementor-element-populated\">\n\t\t\t\t\t\t<div class=\"elementor-element elementor-element-131262d elementor-align-left elementor-widget elementor-widget-button\" data-id=\"131262d\" data-element_type=\"widget\" data-e-type=\"widget\" data-widget_type=\"button.default\">\n\t\t\t\t<div class=\"elementor-widget-container\">\n\t\t\t\t\t\t\t\t\t<div class=\"elementor-button-wrapper\">\n\t\t\t\t\t<a class=\"elementor-button elementor-button-link elementor-size-md\" href=\"\/le-groupe-agema-fete-ses-35-ans-a-boulazac\">\n\t\t\t\t\t\t<span class=\"elementor-button-content-wrapper\">\n\t\t\t\t\t\t\t\t\t<span class=\"elementor-button-text\">&lt; Actualit\u00e9 pr\u00e9c\u00e9dente<\/span>\n\t\t\t\t\t<\/span>\n\t\t\t\t\t<\/a>\n\t\t\t\t<\/div>\n\t\t\t\t\t\t\t\t<\/div>\n\t\t\t\t<\/div>\n\t\t\t\t\t<\/div>\n\t\t<\/div>\n\t\t\t\t<div class=\"elementor-column elementor-col-33 elementor-top-column elementor-element elementor-element-28ecaa0 elementor-hidden-mobile\" data-id=\"28ecaa0\" data-element_type=\"column\" data-e-type=\"column\">\n\t\t\t<div class=\"elementor-widget-wrap\">\n\t\t\t\t\t\t\t<\/div>\n\t\t<\/div>\n\t\t\t\t<div class=\"elementor-column elementor-col-33 elementor-top-column elementor-element elementor-element-b94e495\" data-id=\"b94e495\" data-element_type=\"column\" data-e-type=\"column\">\n\t\t\t<div class=\"elementor-widget-wrap elementor-element-populated\">\n\t\t\t\t\t\t<div class=\"elementor-element elementor-element-a732075 elementor-align-right elementor-widget elementor-widget-button\" data-id=\"a732075\" data-element_type=\"widget\" data-e-type=\"widget\" data-widget_type=\"button.default\">\n\t\t\t\t<div class=\"elementor-widget-container\">\n\t\t\t\t\t\t\t\t\t<div class=\"elementor-button-wrapper\">\n\t\t\t\t\t<a class=\"elementor-button elementor-button-link elementor-size-md\" href=\"\/basic-fit-le-balcon-de-la-firma\">\n\t\t\t\t\t\t<span class=\"elementor-button-content-wrapper\">\n\t\t\t\t\t\t\t\t\t<span class=\"elementor-button-text\">Actualit\u00e9 suivante &gt;<\/span>\n\t\t\t\t\t<\/span>\n\t\t\t\t\t<\/a>\n\t\t\t\t<\/div>\n\t\t\t\t\t\t\t\t<\/div>\n\t\t\t\t<\/div>\n\t\t\t\t\t<\/div>\n\t\t<\/div>\n\t\t\t\t\t<\/div>\n\t\t<\/section>\n\t\t\t\t<\/div>\n\t\t","protected":false},"excerpt":{"rendered":"<p>Ouverture d\u2019une nouvelle agence en Espagne ! Le Groupe Agema franchit une nouvelle \u00e9tape dans son d\u00e9veloppement en Espagne en ouvrant une agence \u00e0 Malaga ! Avec cette nouvelle implantation, la troisi\u00e8me en Espagne (apr\u00e8s Madrid et Barcelone), Agema poursuit son objectif de s\u2019inscrire durablement sur ce territoire et de se familiariser \u00e0 de nouveaux [&hellip;]<\/p>\n","protected":false},"author":12,"featured_media":3341,"comment_status":"closed","ping_status":"open","sticky":false,"template":"","format":"standard","meta":{"footnotes":""},"categories":[19],"tags":[],"class_list":["post-3231","post","type-post","status-publish","format-standard","has-post-thumbnail","hentry","category-actualite"],"_links":{"self":[{"href":"https:\/\/www.agema.fr\/de\/wp-json\/wp\/v2\/posts\/3231","targetHints":{"allow":["GET"]}}],"collection":[{"href":"https:\/\/www.agema.fr\/de\/wp-json\/wp\/v2\/posts"}],"about":[{"href":"https:\/\/www.agema.fr\/de\/wp-json\/wp\/v2\/types\/post"}],"author":[{"embeddable":true,"href":"https:\/\/www.agema.fr\/de\/wp-json\/wp\/v2\/users\/12"}],"replies":[{"embeddable":true,"href":"https:\/\/www.agema.fr\/de\/wp-json\/wp\/v2\/comments?post=3231"}],"version-history":[{"count":34,"href":"https:\/\/www.agema.fr\/de\/wp-json\/wp\/v2\/posts\/3231\/revisions"}],"predecessor-version":[{"id":4549,"href":"https:\/\/www.agema.fr\/de\/wp-json\/wp\/v2\/posts\/3231\/revisions\/4549"}],"wp:featuredmedia":[{"embeddable":true,"href":"https:\/\/www.agema.fr\/de\/wp-json\/wp\/v2\/media\/3341"}],"wp:attachment":[{"href":"https:\/\/www.agema.fr\/de\/wp-json\/wp\/v2\/media?parent=3231"}],"wp:term":[{"taxonomy":"category","embeddable":true,"href":"https:\/\/www.agema.fr\/de\/wp-json\/wp\/v2\/categories?post=3231"},{"taxonomy":"post_tag","embeddable":true,"href":"https:\/\/www.agema.fr\/de\/wp-json\/wp\/v2\/tags?post=3231"}],"curies":[{"name":"wp","href":"https:\/\/api.w.org\/{rel}","templated":true}]}}