{"id":5517,"date":"2023-11-15T10:19:10","date_gmt":"2023-11-15T09:19:10","guid":{"rendered":"https:\/\/www.agema.fr\/?p=5517"},"modified":"2023-12-22T12:06:36","modified_gmt":"2023-12-22T11:06:36","slug":"pose-de-la-premiere-pierre-esat-trelissac","status":"publish","type":"post","link":"https:\/\/www.agema.fr\/en\/pose-de-la-premiere-pierre-esat-trelissac\/","title":{"rendered":"Laying the Foundation Stone ESAT - Tr\u00e9lissac"},"content":{"rendered":"\t\t<div data-elementor-type=\"wp-post\" data-elementor-id=\"5517\" class=\"elementor elementor-5517\" data-elementor-post-type=\"post\">\n\t\t\t\t\t\t<section class=\"elementor-section elementor-top-section elementor-element elementor-element-0cf7a71 elementor-section-boxed elementor-section-height-default elementor-section-height-default\" data-id=\"0cf7a71\" data-element_type=\"section\" data-e-type=\"section\">\n\t\t\t\t\t\t<div class=\"elementor-container elementor-column-gap-default\">\n\t\t\t\t\t<div class=\"elementor-column elementor-col-100 elementor-top-column elementor-element elementor-element-35c592e\" data-id=\"35c592e\" data-element_type=\"column\" data-e-type=\"column\">\n\t\t\t<div class=\"elementor-widget-wrap elementor-element-populated\">\n\t\t\t\t\t\t<div class=\"elementor-element elementor-element-e563c4a elementor-widget elementor-widget-image\" data-id=\"e563c4a\" data-element_type=\"widget\" data-e-type=\"widget\" data-widget_type=\"image.default\">\n\t\t\t\t<div class=\"elementor-widget-container\">\n\t\t\t\t\t\t\t\t\t\t\t\t\t\t\t<img fetchpriority=\"high\" decoding=\"async\" width=\"1920\" height=\"1080\" src=\"https:\/\/www.agema.fr\/wp-content\/uploads\/2023\/11\/12.jpg\" class=\"attachment-full size-full wp-image-5518\" alt=\"\" srcset=\"https:\/\/www.agema.fr\/wp-content\/uploads\/2023\/11\/12.jpg 1920w, https:\/\/www.agema.fr\/wp-content\/uploads\/2023\/11\/12-300x169.jpg 300w, https:\/\/www.agema.fr\/wp-content\/uploads\/2023\/11\/12-1024x576.jpg 1024w, https:\/\/www.agema.fr\/wp-content\/uploads\/2023\/11\/12-768x432.jpg 768w, https:\/\/www.agema.fr\/wp-content\/uploads\/2023\/11\/12-1536x864.jpg 1536w, https:\/\/www.agema.fr\/wp-content\/uploads\/2023\/11\/12-18x10.jpg 18w\" sizes=\"(max-width: 1920px) 100vw, 1920px\" \/>\t\t\t\t\t\t\t\t\t\t\t\t\t\t\t<\/div>\n\t\t\t\t<\/div>\n\t\t\t\t<div class=\"elementor-element elementor-element-1472206 animated-slow elementor-invisible elementor-widget elementor-widget-heading\" data-id=\"1472206\" data-element_type=\"widget\" data-e-type=\"widget\" data-settings=\"{&quot;motion_fx_motion_fx_scrolling&quot;:&quot;yes&quot;,&quot;motion_fx_translateY_effect&quot;:&quot;yes&quot;,&quot;motion_fx_translateY_speed&quot;:{&quot;unit&quot;:&quot;px&quot;,&quot;size&quot;:0.5,&quot;sizes&quot;:[]},&quot;_animation&quot;:&quot;fadeInUp&quot;,&quot;motion_fx_translateY_affectedRange&quot;:{&quot;unit&quot;:&quot;%&quot;,&quot;size&quot;:&quot;&quot;,&quot;sizes&quot;:{&quot;start&quot;:0,&quot;end&quot;:100}},&quot;motion_fx_devices&quot;:[&quot;desktop&quot;,&quot;tablet&quot;,&quot;mobile&quot;]}\" data-widget_type=\"heading.default\">\n\t\t\t\t<div class=\"elementor-widget-container\">\n\t\t\t\t\t<h2 class=\"elementor-heading-title elementor-size-default\"><a href=\"https:\/\/www.agema.fr\/?p=5517\">Pose de la Premi\u00e8re Pierre ESAT (Etablissement de Service et d\u2019Accompagnement par le Travail) de l'APEI, \u00e0 Tr\u00e9lissac<\/a><\/h2>\t\t\t\t<\/div>\n\t\t\t\t<\/div>\n\t\t\t\t<div class=\"elementor-element elementor-element-404067d elementor-widget elementor-widget-text-editor\" data-id=\"404067d\" data-element_type=\"widget\" data-e-type=\"widget\" data-widget_type=\"text-editor.default\">\n\t\t\t\t<div class=\"elementor-widget-container\">\n\t\t\t\t\t\t\t\t\t<p class=\"paragraphestandard\"><span style=\"color: var( --e-global-color-text ); font-family: var( --e-global-typography-text-font-family ), Sans-serif; font-size: 1rem; font-weight: var( --e-global-typography-text-font-weight );\">Ce vendredi 10 novembre 2023, la premi\u00e8re pierre du futur Esat de Tr\u00e9lissac a \u00e9t\u00e9 pos\u00e9e.<\/span><\/p>\n<p class=\"paragraphestandard\">Cette structure accueillera \u00e0 terme, une centaine de travailleurs en situation de handicap ainsi qu\u2019une douzaine de professionnels.<\/p>\n<p class=\"paragraphestandard\">\n<\/p><p class=\"paragraphestandard\">L\u2019 \u00e9tablissement sera compos\u00e9 de deux b\u00e2timents distincts pour une surface totale de 1872 m\u00b2 :<\/p>\n<p class=\"paragraphestandard\">&nbsp;&nbsp; &#8211; Un b\u00e2timent \u00ab Production \u00bb compos\u00e9 de plusieurs P\u00f4les de travail<\/p>\n<p class=\"paragraphestandard\">&nbsp;&nbsp; &#8211; Un b\u00e2timent \u00ab Restauration \u00bb compos\u00e9 d\u2019un self destin\u00e9 aux travailleurs r\u00e9sidents<\/p>\n<p class=\"paragraphestandard\">&nbsp;&nbsp;&nbsp;&nbsp;et leur encadrement (60 places assises \/120 repas sur un service le midi)<\/p>\n<p class=\"paragraphestandard\">&nbsp;&nbsp;&nbsp;&nbsp;et une petite brasserie, d\u2019environ 50 couverts, sera ouverte au public et \u00e7a c\u2019est une premi\u00e8re en Dordogne.<\/p>\n<p class=\"paragraphestandard\">\n<\/p><p class=\"paragraphestandard\">\u00abC\u2019est un honneur pour la soci\u00e9t\u00e9 Agema de contribuer \u00e0 l\u2019am\u00e9lioration des conditions de vie et de travail des personnes en situation de handicap\u00bb&nbsp; souligne Francis Roux, pr\u00e9sident du groupe.<\/p>\n<p class=\"paragraphestandard\">\n<\/p><p class=\"paragraphestandard\">Agema Construction prend en charge la r\u00e9alisation des travaux dans sa globalit\u00e9.<\/p>\n<p><\/p>\n<p class=\"MsoNormal\">La livraison est pr\u00e9vue pour le 1er trimestre 2025.<\/p>\n<p><\/p>\t\t\t\t\t\t\t\t<\/div>\n\t\t\t\t<\/div>\n\t\t\t\t\t<\/div>\n\t\t<\/div>\n\t\t\t\t\t<\/div>\n\t\t<\/section>\n\t\t\t\t<section class=\"elementor-section elementor-top-section elementor-element elementor-element-d94b797 elementor-section-full_width elementor-section-height-default elementor-section-height-default\" data-id=\"d94b797\" data-element_type=\"section\" data-e-type=\"section\" data-settings=\"{&quot;background_background&quot;:&quot;classic&quot;}\">\n\t\t\t\t\t\t\t<div class=\"elementor-background-overlay\"><\/div>\n\t\t\t\t\t\t\t<div class=\"elementor-container elementor-column-gap-default\">\n\t\t\t\t\t<div class=\"elementor-column elementor-col-33 elementor-top-column elementor-element elementor-element-afdc507\" data-id=\"afdc507\" data-element_type=\"column\" data-e-type=\"column\">\n\t\t\t<div class=\"elementor-widget-wrap elementor-element-populated\">\n\t\t\t\t\t\t<div class=\"elementor-element elementor-element-131262d elementor-align-left elementor-widget elementor-widget-button\" data-id=\"131262d\" data-element_type=\"widget\" data-e-type=\"widget\" data-widget_type=\"button.default\">\n\t\t\t\t<div class=\"elementor-widget-container\">\n\t\t\t\t\t\t\t\t\t<div class=\"elementor-button-wrapper\">\n\t\t\t\t\t<a class=\"elementor-button elementor-button-link elementor-size-md\" href=\"https:\/\/www.agema.fr\/fr\/chantier-ayor\/\">\n\t\t\t\t\t\t<span class=\"elementor-button-content-wrapper\">\n\t\t\t\t\t\t\t\t\t<span class=\"elementor-button-text\">&lt; Actualit\u00e9 pr\u00e9c\u00e9dente<\/span>\n\t\t\t\t\t<\/span>\n\t\t\t\t\t<\/a>\n\t\t\t\t<\/div>\n\t\t\t\t\t\t\t\t<\/div>\n\t\t\t\t<\/div>\n\t\t\t\t\t<\/div>\n\t\t<\/div>\n\t\t\t\t<div class=\"elementor-column elementor-col-33 elementor-top-column elementor-element elementor-element-28ecaa0 elementor-hidden-mobile\" data-id=\"28ecaa0\" data-element_type=\"column\" data-e-type=\"column\">\n\t\t\t<div class=\"elementor-widget-wrap\">\n\t\t\t\t\t\t\t<\/div>\n\t\t<\/div>\n\t\t\t\t<div class=\"elementor-column elementor-col-33 elementor-top-column elementor-element elementor-element-b94e495\" data-id=\"b94e495\" data-element_type=\"column\" data-e-type=\"column\">\n\t\t\t<div class=\"elementor-widget-wrap elementor-element-populated\">\n\t\t\t\t\t\t<div class=\"elementor-element elementor-element-a732075 elementor-align-right elementor-widget elementor-widget-button\" data-id=\"a732075\" data-element_type=\"widget\" data-e-type=\"widget\" data-widget_type=\"button.default\">\n\t\t\t\t<div class=\"elementor-widget-container\">\n\t\t\t\t\t\t\t\t\t<div class=\"elementor-button-wrapper\">\n\t\t\t\t\t<a class=\"elementor-button elementor-button-link elementor-size-md\" href=\"\/basic-fit-le-balcon-de-la-firma\">\n\t\t\t\t\t\t<span class=\"elementor-button-content-wrapper\">\n\t\t\t\t\t\t\t\t\t<span class=\"elementor-button-text\">Actualit\u00e9 suivante &gt;<\/span>\n\t\t\t\t\t<\/span>\n\t\t\t\t\t<\/a>\n\t\t\t\t<\/div>\n\t\t\t\t\t\t\t\t<\/div>\n\t\t\t\t<\/div>\n\t\t\t\t\t<\/div>\n\t\t<\/div>\n\t\t\t\t\t<\/div>\n\t\t<\/section>\n\t\t\t\t<\/div>\n\t\t","protected":false},"excerpt":{"rendered":"<p>Pose de la Premi\u00e8re Pierre ESAT (Etablissement de Service et d\u2019Accompagnement par le Travail) de l&rsquo;APEI, \u00e0 Tr\u00e9lissac Ce vendredi 10 novembre 2023, la premi\u00e8re pierre du futur Esat de Tr\u00e9lissac a \u00e9t\u00e9 pos\u00e9e. Cette structure accueillera \u00e0 terme, une centaine de travailleurs en situation de handicap ainsi qu\u2019une douzaine de professionnels. L\u2019 \u00e9tablissement sera [&hellip;]<\/p>\n","protected":false},"author":12,"featured_media":5689,"comment_status":"closed","ping_status":"open","sticky":false,"template":"","format":"standard","meta":{"footnotes":""},"categories":[19],"tags":[],"class_list":["post-5517","post","type-post","status-publish","format-standard","has-post-thumbnail","hentry","category-actualite"],"_links":{"self":[{"href":"https:\/\/www.agema.fr\/en\/wp-json\/wp\/v2\/posts\/5517","targetHints":{"allow":["GET"]}}],"collection":[{"href":"https:\/\/www.agema.fr\/en\/wp-json\/wp\/v2\/posts"}],"about":[{"href":"https:\/\/www.agema.fr\/en\/wp-json\/wp\/v2\/types\/post"}],"author":[{"embeddable":true,"href":"https:\/\/www.agema.fr\/en\/wp-json\/wp\/v2\/users\/12"}],"replies":[{"embeddable":true,"href":"https:\/\/www.agema.fr\/en\/wp-json\/wp\/v2\/comments?post=5517"}],"version-history":[{"count":4,"href":"https:\/\/www.agema.fr\/en\/wp-json\/wp\/v2\/posts\/5517\/revisions"}],"predecessor-version":[{"id":5523,"href":"https:\/\/www.agema.fr\/en\/wp-json\/wp\/v2\/posts\/5517\/revisions\/5523"}],"wp:featuredmedia":[{"embeddable":true,"href":"https:\/\/www.agema.fr\/en\/wp-json\/wp\/v2\/media\/5689"}],"wp:attachment":[{"href":"https:\/\/www.agema.fr\/en\/wp-json\/wp\/v2\/media?parent=5517"}],"wp:term":[{"taxonomy":"category","embeddable":true,"href":"https:\/\/www.agema.fr\/en\/wp-json\/wp\/v2\/categories?post=5517"},{"taxonomy":"post_tag","embeddable":true,"href":"https:\/\/www.agema.fr\/en\/wp-json\/wp\/v2\/tags?post=5517"}],"curies":[{"name":"wp","href":"https:\/\/api.w.org\/{rel}","templated":true}]}}