{"id":5293,"date":"2023-08-25T12:14:12","date_gmt":"2023-08-25T10:14:12","guid":{"rendered":"https:\/\/www.agema.fr\/?p=5293"},"modified":"2023-08-25T13:41:21","modified_gmt":"2023-08-25T11:41:21","slug":"ouverture-dun-normal-a-coina-au-portugal","status":"publish","type":"post","link":"https:\/\/www.agema.fr\/fr\/ouverture-dun-normal-a-coina-au-portugal\/","title":{"rendered":"Ouverture d\u2019un Normal \u00e0 Coina au Portugal"},"content":{"rendered":"\t\t<div data-elementor-type=\"wp-post\" data-elementor-id=\"5293\" class=\"elementor elementor-5293\" data-elementor-post-type=\"post\">\n\t\t\t\t\t\t<section class=\"elementor-section elementor-top-section elementor-element elementor-element-0cf7a71 elementor-section-boxed elementor-section-height-default elementor-section-height-default\" data-id=\"0cf7a71\" data-element_type=\"section\" data-e-type=\"section\">\n\t\t\t\t\t\t<div class=\"elementor-container elementor-column-gap-default\">\n\t\t\t\t\t<div class=\"elementor-column elementor-col-100 elementor-top-column elementor-element elementor-element-35c592e\" data-id=\"35c592e\" data-element_type=\"column\" data-e-type=\"column\">\n\t\t\t<div class=\"elementor-widget-wrap elementor-element-populated\">\n\t\t\t\t\t\t<div class=\"elementor-element elementor-element-e563c4a elementor-widget elementor-widget-image\" data-id=\"e563c4a\" data-element_type=\"widget\" data-e-type=\"widget\" data-widget_type=\"image.default\">\n\t\t\t\t<div class=\"elementor-widget-container\">\n\t\t\t\t\t\t\t\t\t\t\t\t\t\t\t<img fetchpriority=\"high\" decoding=\"async\" width=\"800\" height=\"600\" src=\"https:\/\/www.agema.fr\/wp-content\/uploads\/2023\/08\/enseigne-800x600-1.jpg\" class=\"attachment-full size-full wp-image-5294\" alt=\"\" srcset=\"https:\/\/www.agema.fr\/wp-content\/uploads\/2023\/08\/enseigne-800x600-1.jpg 800w, https:\/\/www.agema.fr\/wp-content\/uploads\/2023\/08\/enseigne-800x600-1-300x225.jpg 300w, https:\/\/www.agema.fr\/wp-content\/uploads\/2023\/08\/enseigne-800x600-1-768x576.jpg 768w, https:\/\/www.agema.fr\/wp-content\/uploads\/2023\/08\/enseigne-800x600-1-16x12.jpg 16w, https:\/\/www.agema.fr\/wp-content\/uploads\/2023\/08\/enseigne-800x600-1-475x356.jpg 475w, https:\/\/www.agema.fr\/wp-content\/uploads\/2023\/08\/enseigne-800x600-1-389x292.jpg 389w, https:\/\/www.agema.fr\/wp-content\/uploads\/2023\/08\/enseigne-800x600-1-778x584.jpg 778w, https:\/\/www.agema.fr\/wp-content\/uploads\/2023\/08\/enseigne-800x600-1-480x360.jpg 480w\" sizes=\"(max-width: 800px) 100vw, 800px\" \/>\t\t\t\t\t\t\t\t\t\t\t\t\t\t\t<\/div>\n\t\t\t\t<\/div>\n\t\t\t\t<div class=\"elementor-element elementor-element-1472206 animated-slow elementor-invisible elementor-widget elementor-widget-heading\" data-id=\"1472206\" data-element_type=\"widget\" data-e-type=\"widget\" data-settings=\"{&quot;motion_fx_motion_fx_scrolling&quot;:&quot;yes&quot;,&quot;motion_fx_translateY_effect&quot;:&quot;yes&quot;,&quot;motion_fx_translateY_speed&quot;:{&quot;unit&quot;:&quot;px&quot;,&quot;size&quot;:0.5,&quot;sizes&quot;:[]},&quot;_animation&quot;:&quot;fadeInUp&quot;,&quot;motion_fx_translateY_affectedRange&quot;:{&quot;unit&quot;:&quot;%&quot;,&quot;size&quot;:&quot;&quot;,&quot;sizes&quot;:{&quot;start&quot;:0,&quot;end&quot;:100}},&quot;motion_fx_devices&quot;:[&quot;desktop&quot;,&quot;tablet&quot;,&quot;mobile&quot;]}\" data-widget_type=\"heading.default\">\n\t\t\t\t<div class=\"elementor-widget-container\">\n\t\t\t\t\t<h2 class=\"elementor-heading-title elementor-size-default\">Ouverture d'un Normal \u00e0 Coina, au Portugal<\/h2>\t\t\t\t<\/div>\n\t\t\t\t<\/div>\n\t\t\t\t<div class=\"elementor-element elementor-element-404067d elementor-widget elementor-widget-text-editor\" data-id=\"404067d\" data-element_type=\"widget\" data-e-type=\"widget\" data-widget_type=\"text-editor.default\">\n\t\t\t\t<div class=\"elementor-widget-container\">\n\t\t\t\t\t\t\t\t\t<p>Cr\u00e9\u00e9 en 2013 au Danemark, cette chaine compte plus de 500 magasins \u00e0 travers l\u2019Europe.<br \/>Leur concept, c\u2019est de proposer des produits de la vie quotidienne \u00e0 des prix attractifs ou comme ils le revendiquent \u00abdes produits normaux \u00e0 des prix anormalement bas\u00bb.<\/p><p>Hier avait lieu l\u2019inauguration de leur dernier magasin implant\u00e9 dans le Centre commercial B planet Barreiro, \u00e0 Coina au Portugal, pour lequel Agema a r\u00e9alis\u00e9 l\u2019agencement du magasin de 500 m2 d\u2019apr\u00e8s concept. Une r\u00e9alisation sur 10 semaines afin de respecter la date d\u2019ouverture initialement pr\u00e9vue.<\/p><p>Bravo et merci \u00e0 nos \u00e9quipes et \u00e0 celles de Normal.<\/p>\t\t\t\t\t\t\t\t<\/div>\n\t\t\t\t<\/div>\n\t\t\t\t\t<\/div>\n\t\t<\/div>\n\t\t\t\t\t<\/div>\n\t\t<\/section>\n\t\t\t\t<section class=\"elementor-section elementor-top-section elementor-element elementor-element-d94b797 elementor-section-full_width elementor-section-height-default elementor-section-height-default\" data-id=\"d94b797\" data-element_type=\"section\" data-e-type=\"section\" data-settings=\"{&quot;background_background&quot;:&quot;classic&quot;}\">\n\t\t\t\t\t\t\t<div class=\"elementor-background-overlay\"><\/div>\n\t\t\t\t\t\t\t<div class=\"elementor-container elementor-column-gap-default\">\n\t\t\t\t\t<div class=\"elementor-column elementor-col-33 elementor-top-column elementor-element elementor-element-afdc507\" data-id=\"afdc507\" data-element_type=\"column\" data-e-type=\"column\">\n\t\t\t<div class=\"elementor-widget-wrap elementor-element-populated\">\n\t\t\t\t\t\t<div class=\"elementor-element elementor-element-131262d elementor-align-left elementor-widget elementor-widget-button\" data-id=\"131262d\" data-element_type=\"widget\" data-e-type=\"widget\" data-widget_type=\"button.default\">\n\t\t\t\t<div class=\"elementor-widget-container\">\n\t\t\t\t\t\t\t\t\t<div class=\"elementor-button-wrapper\">\n\t\t\t\t\t<a class=\"elementor-button elementor-button-link elementor-size-md\" href=\"https:\/\/www.agema.fr\/fr\/ouverture-dun-starbucks-en-plein-coeur-du-centre-ville-de-limoges\/\">\n\t\t\t\t\t\t<span class=\"elementor-button-content-wrapper\">\n\t\t\t\t\t\t\t\t\t<span class=\"elementor-button-text\">&lt; Actualit\u00e9 pr\u00e9c\u00e9dente<\/span>\n\t\t\t\t\t<\/span>\n\t\t\t\t\t<\/a>\n\t\t\t\t<\/div>\n\t\t\t\t\t\t\t\t<\/div>\n\t\t\t\t<\/div>\n\t\t\t\t\t<\/div>\n\t\t<\/div>\n\t\t\t\t<div class=\"elementor-column elementor-col-33 elementor-top-column elementor-element elementor-element-28ecaa0 elementor-hidden-mobile\" data-id=\"28ecaa0\" data-element_type=\"column\" data-e-type=\"column\">\n\t\t\t<div class=\"elementor-widget-wrap\">\n\t\t\t\t\t\t\t<\/div>\n\t\t<\/div>\n\t\t\t\t<div class=\"elementor-column elementor-col-33 elementor-top-column elementor-element elementor-element-b94e495\" data-id=\"b94e495\" data-element_type=\"column\" data-e-type=\"column\">\n\t\t\t<div class=\"elementor-widget-wrap elementor-element-populated\">\n\t\t\t\t\t\t<div class=\"elementor-element elementor-element-a732075 elementor-align-right elementor-widget elementor-widget-button\" data-id=\"a732075\" data-element_type=\"widget\" data-e-type=\"widget\" data-widget_type=\"button.default\">\n\t\t\t\t<div class=\"elementor-widget-container\">\n\t\t\t\t\t\t\t\t\t<div class=\"elementor-button-wrapper\">\n\t\t\t\t\t<a class=\"elementor-button elementor-button-link elementor-size-md\" href=\"\/basic-fit-le-balcon-de-la-firma\">\n\t\t\t\t\t\t<span class=\"elementor-button-content-wrapper\">\n\t\t\t\t\t\t\t\t\t<span class=\"elementor-button-text\">Actualit\u00e9 suivante &gt;<\/span>\n\t\t\t\t\t<\/span>\n\t\t\t\t\t<\/a>\n\t\t\t\t<\/div>\n\t\t\t\t\t\t\t\t<\/div>\n\t\t\t\t<\/div>\n\t\t\t\t\t<\/div>\n\t\t<\/div>\n\t\t\t\t\t<\/div>\n\t\t<\/section>\n\t\t\t\t<\/div>\n\t\t","protected":false},"excerpt":{"rendered":"<p>Ouverture d&rsquo;un Normal \u00e0 Coina, au Portugal Cr\u00e9\u00e9 en 2013 au Danemark, cette chaine compte plus de 500 magasins \u00e0 travers l\u2019Europe.Leur concept, c\u2019est de proposer des produits de la vie quotidienne \u00e0 des prix attractifs ou comme ils le revendiquent \u00abdes produits normaux \u00e0 des prix anormalement bas\u00bb. Hier avait lieu l\u2019inauguration de leur [&hellip;]<\/p>\n","protected":false},"author":12,"featured_media":5294,"comment_status":"closed","ping_status":"open","sticky":false,"template":"","format":"standard","meta":{"footnotes":""},"categories":[19],"tags":[],"class_list":["post-5293","post","type-post","status-publish","format-standard","has-post-thumbnail","hentry","category-actualite"],"_links":{"self":[{"href":"https:\/\/www.agema.fr\/fr\/wp-json\/wp\/v2\/posts\/5293","targetHints":{"allow":["GET"]}}],"collection":[{"href":"https:\/\/www.agema.fr\/fr\/wp-json\/wp\/v2\/posts"}],"about":[{"href":"https:\/\/www.agema.fr\/fr\/wp-json\/wp\/v2\/types\/post"}],"author":[{"embeddable":true,"href":"https:\/\/www.agema.fr\/fr\/wp-json\/wp\/v2\/users\/12"}],"replies":[{"embeddable":true,"href":"https:\/\/www.agema.fr\/fr\/wp-json\/wp\/v2\/comments?post=5293"}],"version-history":[{"count":7,"href":"https:\/\/www.agema.fr\/fr\/wp-json\/wp\/v2\/posts\/5293\/revisions"}],"predecessor-version":[{"id":5331,"href":"https:\/\/www.agema.fr\/fr\/wp-json\/wp\/v2\/posts\/5293\/revisions\/5331"}],"wp:featuredmedia":[{"embeddable":true,"href":"https:\/\/www.agema.fr\/fr\/wp-json\/wp\/v2\/media\/5294"}],"wp:attachment":[{"href":"https:\/\/www.agema.fr\/fr\/wp-json\/wp\/v2\/media?parent=5293"}],"wp:term":[{"taxonomy":"category","embeddable":true,"href":"https:\/\/www.agema.fr\/fr\/wp-json\/wp\/v2\/categories?post=5293"},{"taxonomy":"post_tag","embeddable":true,"href":"https:\/\/www.agema.fr\/fr\/wp-json\/wp\/v2\/tags?post=5293"}],"curies":[{"name":"wp","href":"https:\/\/api.w.org\/{rel}","templated":true}]}}