{"id":4919,"date":"2023-05-10T14:02:53","date_gmt":"2023-05-10T12:02:53","guid":{"rendered":"https:\/\/www.agema.fr\/?p=4919"},"modified":"2023-07-19T10:59:24","modified_gmt":"2023-07-19T08:59:24","slug":"nouvelle-ouverture-dun-starbucks-dans-le-centre-ville-de-niort","status":"publish","type":"post","link":"https:\/\/www.agema.fr\/pt\/nouvelle-ouverture-dun-starbucks-dans-le-centre-ville-de-niort\/","title":{"rendered":"Starbucks abre novamente no centro da cidade de Niort"},"content":{"rendered":"\t\t<div data-elementor-type=\"wp-post\" data-elementor-id=\"4919\" class=\"elementor elementor-4919\" data-elementor-post-type=\"post\">\n\t\t\t\t\t\t<section class=\"elementor-section elementor-top-section elementor-element elementor-element-0cf7a71 elementor-section-boxed elementor-section-height-default elementor-section-height-default\" data-id=\"0cf7a71\" data-element_type=\"section\" data-e-type=\"section\">\n\t\t\t\t\t\t<div class=\"elementor-container elementor-column-gap-default\">\n\t\t\t\t\t<div class=\"elementor-column elementor-col-100 elementor-top-column elementor-element elementor-element-35c592e\" data-id=\"35c592e\" data-element_type=\"column\" data-e-type=\"column\">\n\t\t\t<div class=\"elementor-widget-wrap elementor-element-populated\">\n\t\t\t\t\t\t<div class=\"elementor-element elementor-element-be8ed6b elementor-widget elementor-widget-image\" data-id=\"be8ed6b\" data-element_type=\"widget\" data-e-type=\"widget\" data-widget_type=\"image.default\">\n\t\t\t\t<div class=\"elementor-widget-container\">\n\t\t\t\t\t\t\t\t\t\t\t\t\t\t\t<img fetchpriority=\"high\" decoding=\"async\" width=\"946\" height=\"540\" src=\"https:\/\/www.agema.fr\/wp-content\/uploads\/2023\/05\/Visuel-article-starbucks-946X540.jpg\" class=\"attachment-full size-full wp-image-4923\" alt=\"\" srcset=\"https:\/\/www.agema.fr\/wp-content\/uploads\/2023\/05\/Visuel-article-starbucks-946X540.jpg 946w, https:\/\/www.agema.fr\/wp-content\/uploads\/2023\/05\/Visuel-article-starbucks-946X540-300x171.jpg 300w, https:\/\/www.agema.fr\/wp-content\/uploads\/2023\/05\/Visuel-article-starbucks-946X540-768x438.jpg 768w, https:\/\/www.agema.fr\/wp-content\/uploads\/2023\/05\/Visuel-article-starbucks-946X540-18x10.jpg 18w\" sizes=\"(max-width: 946px) 100vw, 946px\" \/>\t\t\t\t\t\t\t\t\t\t\t\t\t\t\t<\/div>\n\t\t\t\t<\/div>\n\t\t\t\t<div class=\"elementor-element elementor-element-1472206 animated-slow elementor-invisible elementor-widget elementor-widget-heading\" data-id=\"1472206\" data-element_type=\"widget\" data-e-type=\"widget\" data-settings=\"{&quot;motion_fx_motion_fx_scrolling&quot;:&quot;yes&quot;,&quot;motion_fx_translateY_effect&quot;:&quot;yes&quot;,&quot;motion_fx_translateY_speed&quot;:{&quot;unit&quot;:&quot;px&quot;,&quot;size&quot;:0.5,&quot;sizes&quot;:[]},&quot;_animation&quot;:&quot;fadeInUp&quot;,&quot;motion_fx_translateY_affectedRange&quot;:{&quot;unit&quot;:&quot;%&quot;,&quot;size&quot;:&quot;&quot;,&quot;sizes&quot;:{&quot;start&quot;:0,&quot;end&quot;:100}},&quot;motion_fx_devices&quot;:[&quot;desktop&quot;,&quot;tablet&quot;,&quot;mobile&quot;]}\" data-widget_type=\"heading.default\">\n\t\t\t\t<div class=\"elementor-widget-container\">\n\t\t\t\t\t<h2 class=\"elementor-heading-title elementor-size-default\">Nouvelle ouverture d'un Starbucks dans le centre ville de Niort<\/h2>\t\t\t\t<\/div>\n\t\t\t\t<\/div>\n\t\t\t\t<div class=\"elementor-element elementor-element-404067d elementor-widget elementor-widget-text-editor\" data-id=\"404067d\" data-element_type=\"widget\" data-e-type=\"widget\" data-widget_type=\"text-editor.default\">\n\t\t\t\t<div class=\"elementor-widget-container\">\n\t\t\t\t\t\t\t\t\t<p>C&rsquo;est en plein coeur du centre-ville de Niort, qu&rsquo;Agema a con\u00e7u et r\u00e9alis\u00e9 le tout nouveau Starbucks, situ\u00e9 rue Victor Hugo.<\/p><p>L&rsquo;enseigne am\u00e9ricaine, d&rsquo;une surface de 180 m\u00b2, proposera 55 places assises dans un d\u00e9cor moderne et \u00e9pur\u00e9.<\/p><p>La fa\u00e7ade ext\u00e9rieure quant \u00e0 elle, situ\u00e9e en secteur sauvegard\u00e9, s&rsquo;est faite en \u00e9troite collaboration avec les architectes des b\u00e2timents de France.<\/p>\t\t\t\t\t\t\t\t<\/div>\n\t\t\t\t<\/div>\n\t\t\t\t\t<\/div>\n\t\t<\/div>\n\t\t\t\t\t<\/div>\n\t\t<\/section>\n\t\t\t\t<section class=\"elementor-section elementor-top-section elementor-element elementor-element-d94b797 elementor-section-full_width elementor-section-height-default elementor-section-height-default\" data-id=\"d94b797\" data-element_type=\"section\" data-e-type=\"section\" data-settings=\"{&quot;background_background&quot;:&quot;classic&quot;}\">\n\t\t\t\t\t\t\t<div class=\"elementor-background-overlay\"><\/div>\n\t\t\t\t\t\t\t<div class=\"elementor-container elementor-column-gap-default\">\n\t\t\t\t\t<div class=\"elementor-column elementor-col-33 elementor-top-column elementor-element elementor-element-afdc507\" data-id=\"afdc507\" data-element_type=\"column\" data-e-type=\"column\">\n\t\t\t<div class=\"elementor-widget-wrap elementor-element-populated\">\n\t\t\t\t\t\t<div class=\"elementor-element elementor-element-131262d elementor-align-left elementor-widget elementor-widget-button\" data-id=\"131262d\" data-element_type=\"widget\" data-e-type=\"widget\" data-widget_type=\"button.default\">\n\t\t\t\t<div class=\"elementor-widget-container\">\n\t\t\t\t\t\t\t\t\t<div class=\"elementor-button-wrapper\">\n\t\t\t\t\t<a class=\"elementor-button elementor-button-link elementor-size-md\" href=\"\/pier-import-sur-les-quais-de-bordeaux-4358\/\">\n\t\t\t\t\t\t<span class=\"elementor-button-content-wrapper\">\n\t\t\t\t\t\t\t\t\t<span class=\"elementor-button-text\">&lt; Actualit\u00e9 pr\u00e9c\u00e9dente<\/span>\n\t\t\t\t\t<\/span>\n\t\t\t\t\t<\/a>\n\t\t\t\t<\/div>\n\t\t\t\t\t\t\t\t<\/div>\n\t\t\t\t<\/div>\n\t\t\t\t\t<\/div>\n\t\t<\/div>\n\t\t\t\t<div class=\"elementor-column elementor-col-33 elementor-top-column elementor-element elementor-element-28ecaa0 elementor-hidden-mobile\" data-id=\"28ecaa0\" data-element_type=\"column\" data-e-type=\"column\">\n\t\t\t<div class=\"elementor-widget-wrap\">\n\t\t\t\t\t\t\t<\/div>\n\t\t<\/div>\n\t\t\t\t<div class=\"elementor-column elementor-col-33 elementor-top-column elementor-element elementor-element-b94e495\" data-id=\"b94e495\" data-element_type=\"column\" data-e-type=\"column\">\n\t\t\t<div class=\"elementor-widget-wrap elementor-element-populated\">\n\t\t\t\t\t\t<div class=\"elementor-element elementor-element-a732075 elementor-align-right elementor-widget elementor-widget-button\" data-id=\"a732075\" data-element_type=\"widget\" data-e-type=\"widget\" data-widget_type=\"button.default\">\n\t\t\t\t<div class=\"elementor-widget-container\">\n\t\t\t\t\t\t\t\t\t<div class=\"elementor-button-wrapper\">\n\t\t\t\t\t<a class=\"elementor-button elementor-button-link elementor-size-md\" href=\"\/ouverture-heiko-la-teste-de-buch\">\n\t\t\t\t\t\t<span class=\"elementor-button-content-wrapper\">\n\t\t\t\t\t\t\t\t\t<span class=\"elementor-button-text\">Actualit\u00e9 suivante &gt;<\/span>\n\t\t\t\t\t<\/span>\n\t\t\t\t\t<\/a>\n\t\t\t\t<\/div>\n\t\t\t\t\t\t\t\t<\/div>\n\t\t\t\t<\/div>\n\t\t\t\t\t<\/div>\n\t\t<\/div>\n\t\t\t\t\t<\/div>\n\t\t<\/section>\n\t\t\t\t<\/div>\n\t\t","protected":false},"excerpt":{"rendered":"<p>Nouvelle ouverture d&rsquo;un Starbucks dans le centre ville de Niort C&rsquo;est en plein coeur du centre-ville de Niort, qu&rsquo;Agema a con\u00e7u et r\u00e9alis\u00e9 le tout nouveau Starbucks, situ\u00e9 rue Victor Hugo. L&rsquo;enseigne am\u00e9ricaine, d&rsquo;une surface de 180 m\u00b2, proposera 55 places assises dans un d\u00e9cor moderne et \u00e9pur\u00e9. La fa\u00e7ade ext\u00e9rieure quant \u00e0 elle, situ\u00e9e [&hellip;]<\/p>\n","protected":false},"author":12,"featured_media":4920,"comment_status":"closed","ping_status":"open","sticky":false,"template":"","format":"standard","meta":{"footnotes":""},"categories":[19],"tags":[],"class_list":["post-4919","post","type-post","status-publish","format-standard","has-post-thumbnail","hentry","category-actualite"],"_links":{"self":[{"href":"https:\/\/www.agema.fr\/pt\/wp-json\/wp\/v2\/posts\/4919","targetHints":{"allow":["GET"]}}],"collection":[{"href":"https:\/\/www.agema.fr\/pt\/wp-json\/wp\/v2\/posts"}],"about":[{"href":"https:\/\/www.agema.fr\/pt\/wp-json\/wp\/v2\/types\/post"}],"author":[{"embeddable":true,"href":"https:\/\/www.agema.fr\/pt\/wp-json\/wp\/v2\/users\/12"}],"replies":[{"embeddable":true,"href":"https:\/\/www.agema.fr\/pt\/wp-json\/wp\/v2\/comments?post=4919"}],"version-history":[{"count":10,"href":"https:\/\/www.agema.fr\/pt\/wp-json\/wp\/v2\/posts\/4919\/revisions"}],"predecessor-version":[{"id":5173,"href":"https:\/\/www.agema.fr\/pt\/wp-json\/wp\/v2\/posts\/4919\/revisions\/5173"}],"wp:featuredmedia":[{"embeddable":true,"href":"https:\/\/www.agema.fr\/pt\/wp-json\/wp\/v2\/media\/4920"}],"wp:attachment":[{"href":"https:\/\/www.agema.fr\/pt\/wp-json\/wp\/v2\/media?parent=4919"}],"wp:term":[{"taxonomy":"category","embeddable":true,"href":"https:\/\/www.agema.fr\/pt\/wp-json\/wp\/v2\/categories?post=4919"},{"taxonomy":"post_tag","embeddable":true,"href":"https:\/\/www.agema.fr\/pt\/wp-json\/wp\/v2\/tags?post=4919"}],"curies":[{"name":"wp","href":"https:\/\/api.w.org\/{rel}","templated":true}]}}