{"id":6247,"date":"2024-10-08T13:52:47","date_gmt":"2024-10-08T11:52:47","guid":{"rendered":"https:\/\/www.agema.fr\/?p=6247"},"modified":"2024-10-11T09:36:49","modified_gmt":"2024-10-11T07:36:49","slug":"agema-agencement-aux-retail-days-de-deauville-2024","status":"publish","type":"post","link":"https:\/\/www.agema.fr\/pt\/agema-agencement-aux-retail-days-de-deauville-2024\/","title":{"rendered":"Ag\u00eancia AGEMA no Deauville Retail Days 2024!\u200b"},"content":{"rendered":"\t\t<div data-elementor-type=\"wp-post\" data-elementor-id=\"6247\" class=\"elementor elementor-6247\" data-elementor-post-type=\"post\">\n\t\t\t\t\t\t<section class=\"elementor-section elementor-top-section elementor-element elementor-element-0cf7a71 elementor-section-boxed elementor-section-height-default elementor-section-height-default\" data-id=\"0cf7a71\" data-element_type=\"section\" data-e-type=\"section\">\n\t\t\t\t\t\t<div class=\"elementor-container elementor-column-gap-default\">\n\t\t\t\t\t<div class=\"elementor-column elementor-col-100 elementor-top-column elementor-element elementor-element-35c592e\" data-id=\"35c592e\" data-element_type=\"column\" data-e-type=\"column\">\n\t\t\t<div class=\"elementor-widget-wrap elementor-element-populated\">\n\t\t\t\t\t\t<div class=\"elementor-element elementor-element-1e60341 elementor-widget elementor-widget-image\" data-id=\"1e60341\" data-element_type=\"widget\" data-e-type=\"widget\" data-widget_type=\"image.default\">\n\t\t\t\t<div class=\"elementor-widget-container\">\n\t\t\t\t\t\t\t\t\t\t\t\t\t\t\t<img fetchpriority=\"high\" decoding=\"async\" width=\"768\" height=\"576\" src=\"https:\/\/www.agema.fr\/wp-content\/uploads\/2024\/10\/WhatsApp-Image-2024-10-01-at-11.35.39-768x576.jpg\" class=\"attachment-medium_large size-medium_large wp-image-6253\" alt=\"\" srcset=\"https:\/\/www.agema.fr\/wp-content\/uploads\/2024\/10\/WhatsApp-Image-2024-10-01-at-11.35.39-768x576.jpg 768w, https:\/\/www.agema.fr\/wp-content\/uploads\/2024\/10\/WhatsApp-Image-2024-10-01-at-11.35.39-300x225.jpg 300w, https:\/\/www.agema.fr\/wp-content\/uploads\/2024\/10\/WhatsApp-Image-2024-10-01-at-11.35.39-1024x768.jpg 1024w, https:\/\/www.agema.fr\/wp-content\/uploads\/2024\/10\/WhatsApp-Image-2024-10-01-at-11.35.39-1536x1152.jpg 1536w, https:\/\/www.agema.fr\/wp-content\/uploads\/2024\/10\/WhatsApp-Image-2024-10-01-at-11.35.39-16x12.jpg 16w, https:\/\/www.agema.fr\/wp-content\/uploads\/2024\/10\/WhatsApp-Image-2024-10-01-at-11.35.39.jpg 2048w\" sizes=\"(max-width: 768px) 100vw, 768px\" \/>\t\t\t\t\t\t\t\t\t\t\t\t\t\t\t<\/div>\n\t\t\t\t<\/div>\n\t\t\t\t<div class=\"elementor-element elementor-element-1472206 animated-slow elementor-invisible elementor-widget elementor-widget-heading\" data-id=\"1472206\" data-element_type=\"widget\" data-e-type=\"widget\" data-settings=\"{&quot;motion_fx_motion_fx_scrolling&quot;:&quot;yes&quot;,&quot;motion_fx_translateY_effect&quot;:&quot;yes&quot;,&quot;motion_fx_translateY_speed&quot;:{&quot;unit&quot;:&quot;px&quot;,&quot;size&quot;:0.5,&quot;sizes&quot;:[]},&quot;_animation&quot;:&quot;fadeInUp&quot;,&quot;motion_fx_translateY_affectedRange&quot;:{&quot;unit&quot;:&quot;%&quot;,&quot;size&quot;:&quot;&quot;,&quot;sizes&quot;:{&quot;start&quot;:0,&quot;end&quot;:100}},&quot;motion_fx_devices&quot;:[&quot;desktop&quot;,&quot;tablet&quot;,&quot;mobile&quot;]}\" data-widget_type=\"heading.default\">\n\t\t\t\t<div class=\"elementor-widget-container\">\n\t\t\t\t\t<h2 class=\"elementor-heading-title elementor-size-default\">AGEMA Agencement aux Retail Days de Deauville 2024 !<\/h2>\t\t\t\t<\/div>\n\t\t\t\t<\/div>\n\t\t\t\t<div class=\"elementor-element elementor-element-404067d elementor-widget elementor-widget-text-editor\" data-id=\"404067d\" data-element_type=\"widget\" data-e-type=\"widget\" data-widget_type=\"text-editor.default\">\n\t\t\t\t<div class=\"elementor-widget-container\">\n\t\t\t\t\t\t\t\t\t<p>AGEMA Agencement a particip\u00e9 aux Retail Days de Deauville les 30 septembre et 1er octobre 2024, dans le prestigieux h\u00f4tel 5 \u00e9toiles, le Royal de Deauville.\u00a0 Cet \u00e9v\u00e9nement incontournable a r\u00e9uni les principaux acteurs du commerce de d\u00e9tail pour deux jours intenses.<\/p><p>Les Retail Days ont \u00e9t\u00e9 une excellente occasion pour nos collaborateurs de participer \u00e0 des ateliers-d\u00e9bats et d\u2019organiser des entretiens individuels, o\u00f9 ils ont pu discuter des enjeux et probl\u00e9matiques du secteur. Ces \u00e9changes ont \u00e9t\u00e9 tr\u00e8s enrichissants et ont permis d&rsquo;identifier les tendances actuelles et de partager des solutions innovantes.<\/p><p>Nous remercions Philippe Bernard, Nicolas La Tella et Hayet Kashi pour leur engagement lors de cet \u00e9v\u00e9nement\u00a0!<\/p><p>Les Retail Days de Deauville ont \u00e9t\u00e9 une belle opportunit\u00e9 pour AGEMA Agencement, et nous sommes impatients de mettre en \u0153uvre les id\u00e9es et connexions \u00e9tablies durant ce salon !<\/p>\t\t\t\t\t\t\t\t<\/div>\n\t\t\t\t<\/div>\n\t\t\t\t<section class=\"elementor-section elementor-inner-section elementor-element elementor-element-47e942d elementor-section-boxed elementor-section-height-default elementor-section-height-default\" data-id=\"47e942d\" data-element_type=\"section\" data-e-type=\"section\">\n\t\t\t\t\t\t<div class=\"elementor-container elementor-column-gap-default\">\n\t\t\t\t\t<div class=\"elementor-column elementor-col-33 elementor-inner-column elementor-element elementor-element-2b803e6\" data-id=\"2b803e6\" data-element_type=\"column\" data-e-type=\"column\">\n\t\t\t<div class=\"elementor-widget-wrap elementor-element-populated\">\n\t\t\t\t\t\t<div class=\"elementor-element elementor-element-cdc2693 elementor-widget elementor-widget-image\" data-id=\"cdc2693\" data-element_type=\"widget\" data-e-type=\"widget\" data-widget_type=\"image.default\">\n\t\t\t\t<div class=\"elementor-widget-container\">\n\t\t\t\t\t\t\t\t\t\t\t\t\t\t\t<img decoding=\"async\" width=\"225\" height=\"300\" src=\"https:\/\/www.agema.fr\/wp-content\/uploads\/2024\/10\/Salon-225x300.jpg\" class=\"attachment-medium size-medium wp-image-6249\" alt=\"\" srcset=\"https:\/\/www.agema.fr\/wp-content\/uploads\/2024\/10\/Salon-225x300.jpg 225w, https:\/\/www.agema.fr\/wp-content\/uploads\/2024\/10\/Salon-9x12.jpg 9w, https:\/\/www.agema.fr\/wp-content\/uploads\/2024\/10\/Salon.jpg 480w\" sizes=\"(max-width: 225px) 100vw, 225px\" \/>\t\t\t\t\t\t\t\t\t\t\t\t\t\t\t<\/div>\n\t\t\t\t<\/div>\n\t\t\t\t\t<\/div>\n\t\t<\/div>\n\t\t\t\t<div class=\"elementor-column elementor-col-33 elementor-inner-column elementor-element elementor-element-1b808cc\" data-id=\"1b808cc\" data-element_type=\"column\" data-e-type=\"column\">\n\t\t\t<div class=\"elementor-widget-wrap elementor-element-populated\">\n\t\t\t\t\t\t<div class=\"elementor-element elementor-element-15a2cdc elementor-widget elementor-widget-image\" data-id=\"15a2cdc\" data-element_type=\"widget\" data-e-type=\"widget\" data-widget_type=\"image.default\">\n\t\t\t\t<div class=\"elementor-widget-container\">\n\t\t\t\t\t\t\t\t\t\t\t\t\t\t\t<img decoding=\"async\" width=\"225\" height=\"300\" src=\"https:\/\/www.agema.fr\/wp-content\/uploads\/2024\/10\/WhatsApp-Image-2024-10-01-at-11.35.29-225x300.jpeg\" class=\"attachment-medium size-medium wp-image-6250\" alt=\"\" srcset=\"https:\/\/www.agema.fr\/wp-content\/uploads\/2024\/10\/WhatsApp-Image-2024-10-01-at-11.35.29-225x300.jpeg 225w, https:\/\/www.agema.fr\/wp-content\/uploads\/2024\/10\/WhatsApp-Image-2024-10-01-at-11.35.29-768x1024.jpeg 768w, https:\/\/www.agema.fr\/wp-content\/uploads\/2024\/10\/WhatsApp-Image-2024-10-01-at-11.35.29-1152x1536.jpeg 1152w, https:\/\/www.agema.fr\/wp-content\/uploads\/2024\/10\/WhatsApp-Image-2024-10-01-at-11.35.29-9x12.jpeg 9w, https:\/\/www.agema.fr\/wp-content\/uploads\/2024\/10\/WhatsApp-Image-2024-10-01-at-11.35.29.jpeg 1536w\" sizes=\"(max-width: 225px) 100vw, 225px\" \/>\t\t\t\t\t\t\t\t\t\t\t\t\t\t\t<\/div>\n\t\t\t\t<\/div>\n\t\t\t\t\t<\/div>\n\t\t<\/div>\n\t\t\t\t<div class=\"elementor-column elementor-col-33 elementor-inner-column elementor-element elementor-element-d84cc6e\" data-id=\"d84cc6e\" data-element_type=\"column\" data-e-type=\"column\">\n\t\t\t<div class=\"elementor-widget-wrap elementor-element-populated\">\n\t\t\t\t\t\t<div class=\"elementor-element elementor-element-dedced3 elementor-widget elementor-widget-image\" data-id=\"dedced3\" data-element_type=\"widget\" data-e-type=\"widget\" data-widget_type=\"image.default\">\n\t\t\t\t<div class=\"elementor-widget-container\">\n\t\t\t\t\t\t\t\t\t\t\t\t\t\t\t<img decoding=\"async\" src=\"https:\/\/www.agema.fr\/wp-content\/uploads\/elementor\/thumbs\/WhatsApp-Image-2024-10-01-at-11.35.39-qv92xb03dmdb7tq2945jxamve1psyzuqovkqobrrlk.jpg\" title=\"WhatsApp Image 2024-10-01 at 11.35.39\" alt=\"WhatsApp Image 2024-10-01 at 11.35.39\" loading=\"lazy\" \/>\t\t\t\t\t\t\t\t\t\t\t\t\t\t\t<\/div>\n\t\t\t\t<\/div>\n\t\t\t\t\t<\/div>\n\t\t<\/div>\n\t\t\t\t\t<\/div>\n\t\t<\/section>\n\t\t\t\t\t<\/div>\n\t\t<\/div>\n\t\t\t\t\t<\/div>\n\t\t<\/section>\n\t\t\t\t<section class=\"elementor-section elementor-top-section elementor-element elementor-element-d94b797 elementor-section-full_width elementor-section-height-default elementor-section-height-default\" data-id=\"d94b797\" data-element_type=\"section\" data-e-type=\"section\" data-settings=\"{&quot;background_background&quot;:&quot;classic&quot;}\">\n\t\t\t\t\t\t\t<div class=\"elementor-background-overlay\"><\/div>\n\t\t\t\t\t\t\t<div class=\"elementor-container elementor-column-gap-default\">\n\t\t\t\t\t<div class=\"elementor-column elementor-col-33 elementor-top-column elementor-element elementor-element-afdc507\" data-id=\"afdc507\" data-element_type=\"column\" data-e-type=\"column\">\n\t\t\t<div class=\"elementor-widget-wrap elementor-element-populated\">\n\t\t\t\t\t\t<div class=\"elementor-element elementor-element-131262d elementor-align-left elementor-widget elementor-widget-button\" data-id=\"131262d\" data-element_type=\"widget\" data-e-type=\"widget\" data-widget_type=\"button.default\">\n\t\t\t\t<div class=\"elementor-widget-container\">\n\t\t\t\t\t\t\t\t\t<div class=\"elementor-button-wrapper\">\n\t\t\t\t\t<a class=\"elementor-button elementor-button-link elementor-size-md\" href=\"https:\/\/www.agema.fr\/fr\/chantier-ayor\/\">\n\t\t\t\t\t\t<span class=\"elementor-button-content-wrapper\">\n\t\t\t\t\t\t\t\t\t<span class=\"elementor-button-text\">&lt; Actualit\u00e9 pr\u00e9c\u00e9dente<\/span>\n\t\t\t\t\t<\/span>\n\t\t\t\t\t<\/a>\n\t\t\t\t<\/div>\n\t\t\t\t\t\t\t\t<\/div>\n\t\t\t\t<\/div>\n\t\t\t\t\t<\/div>\n\t\t<\/div>\n\t\t\t\t<div class=\"elementor-column elementor-col-33 elementor-top-column elementor-element elementor-element-28ecaa0 elementor-hidden-mobile\" data-id=\"28ecaa0\" data-element_type=\"column\" data-e-type=\"column\">\n\t\t\t<div class=\"elementor-widget-wrap\">\n\t\t\t\t\t\t\t<\/div>\n\t\t<\/div>\n\t\t\t\t<div class=\"elementor-column elementor-col-33 elementor-top-column elementor-element elementor-element-b94e495\" data-id=\"b94e495\" data-element_type=\"column\" data-e-type=\"column\">\n\t\t\t<div class=\"elementor-widget-wrap elementor-element-populated\">\n\t\t\t\t\t\t<div class=\"elementor-element elementor-element-a732075 elementor-align-right elementor-widget elementor-widget-button\" data-id=\"a732075\" data-element_type=\"widget\" data-e-type=\"widget\" data-widget_type=\"button.default\">\n\t\t\t\t<div class=\"elementor-widget-container\">\n\t\t\t\t\t\t\t\t\t<div class=\"elementor-button-wrapper\">\n\t\t\t\t\t<a class=\"elementor-button elementor-button-link elementor-size-md\" href=\"\/basic-fit-le-balcon-de-la-firma\">\n\t\t\t\t\t\t<span class=\"elementor-button-content-wrapper\">\n\t\t\t\t\t\t\t\t\t<span class=\"elementor-button-text\">Actualit\u00e9 suivante &gt;<\/span>\n\t\t\t\t\t<\/span>\n\t\t\t\t\t<\/a>\n\t\t\t\t<\/div>\n\t\t\t\t\t\t\t\t<\/div>\n\t\t\t\t<\/div>\n\t\t\t\t\t<\/div>\n\t\t<\/div>\n\t\t\t\t\t<\/div>\n\t\t<\/section>\n\t\t\t\t<\/div>\n\t\t","protected":false},"excerpt":{"rendered":"<p>AGEMA Agencement aux Retail Days de Deauville 2024 ! AGEMA Agencement a particip\u00e9 aux Retail Days de Deauville les 30 septembre et 1er octobre 2024, dans le prestigieux h\u00f4tel 5 \u00e9toiles, le Royal de Deauville.\u00a0 Cet \u00e9v\u00e9nement incontournable a r\u00e9uni les principaux acteurs du commerce de d\u00e9tail pour deux jours intenses. Les Retail Days ont [&hellip;]<\/p>\n","protected":false},"author":12,"featured_media":6253,"comment_status":"closed","ping_status":"open","sticky":false,"template":"","format":"standard","meta":{"footnotes":""},"categories":[19],"tags":[],"class_list":["post-6247","post","type-post","status-publish","format-standard","has-post-thumbnail","hentry","category-actualite"],"_links":{"self":[{"href":"https:\/\/www.agema.fr\/pt\/wp-json\/wp\/v2\/posts\/6247","targetHints":{"allow":["GET"]}}],"collection":[{"href":"https:\/\/www.agema.fr\/pt\/wp-json\/wp\/v2\/posts"}],"about":[{"href":"https:\/\/www.agema.fr\/pt\/wp-json\/wp\/v2\/types\/post"}],"author":[{"embeddable":true,"href":"https:\/\/www.agema.fr\/pt\/wp-json\/wp\/v2\/users\/12"}],"replies":[{"embeddable":true,"href":"https:\/\/www.agema.fr\/pt\/wp-json\/wp\/v2\/comments?post=6247"}],"version-history":[{"count":20,"href":"https:\/\/www.agema.fr\/pt\/wp-json\/wp\/v2\/posts\/6247\/revisions"}],"predecessor-version":[{"id":6275,"href":"https:\/\/www.agema.fr\/pt\/wp-json\/wp\/v2\/posts\/6247\/revisions\/6275"}],"wp:featuredmedia":[{"embeddable":true,"href":"https:\/\/www.agema.fr\/pt\/wp-json\/wp\/v2\/media\/6253"}],"wp:attachment":[{"href":"https:\/\/www.agema.fr\/pt\/wp-json\/wp\/v2\/media?parent=6247"}],"wp:term":[{"taxonomy":"category","embeddable":true,"href":"https:\/\/www.agema.fr\/pt\/wp-json\/wp\/v2\/categories?post=6247"},{"taxonomy":"post_tag","embeddable":true,"href":"https:\/\/www.agema.fr\/pt\/wp-json\/wp\/v2\/tags?post=6247"}],"curies":[{"name":"wp","href":"https:\/\/api.w.org\/{rel}","templated":true}]}}