{"id":6502,"date":"2024-03-28T11:15:00","date_gmt":"2024-03-28T10:15:00","guid":{"rendered":"https:\/\/www.agema.fr\/?p=6502"},"modified":"2024-10-11T11:43:03","modified_gmt":"2024-10-11T09:43:03","slug":"zoom-sur-le-chantier-grand-front-ilse-manoire-futur-siege-du-groupe-seven-agema-2","status":"publish","type":"post","link":"https:\/\/www.agema.fr\/pt\/zoom-sur-le-chantier-grand-front-ilse-manoire-futur-siege-du-groupe-seven-agema-2\/","title":{"rendered":"Zoom sobre... O estaleiro Grand Front-Ilse Manoire: futura sede do Grupo Seven - Agema"},"content":{"rendered":"\t\t<div data-elementor-type=\"wp-post\" data-elementor-id=\"6502\" class=\"elementor elementor-6502\" data-elementor-post-type=\"post\">\n\t\t\t\t\t\t<section class=\"elementor-section elementor-top-section elementor-element elementor-element-699da04 elementor-section-boxed elementor-section-height-default elementor-section-height-default\" data-id=\"699da04\" data-element_type=\"section\" data-e-type=\"section\">\n\t\t\t\t\t\t<div class=\"elementor-container elementor-column-gap-default\">\n\t\t\t\t\t<div class=\"elementor-column elementor-col-100 elementor-top-column elementor-element elementor-element-5bf6382\" data-id=\"5bf6382\" data-element_type=\"column\" data-e-type=\"column\">\n\t\t\t<div class=\"elementor-widget-wrap elementor-element-populated\">\n\t\t\t\t\t\t<div class=\"elementor-element elementor-element-77777a2 elementor-widget elementor-widget-spacer\" data-id=\"77777a2\" data-element_type=\"widget\" data-e-type=\"widget\" data-widget_type=\"spacer.default\">\n\t\t\t\t<div class=\"elementor-widget-container\">\n\t\t\t\t\t\t\t<div class=\"elementor-spacer\">\n\t\t\t<div class=\"elementor-spacer-inner\"><\/div>\n\t\t<\/div>\n\t\t\t\t\t\t<\/div>\n\t\t\t\t<\/div>\n\t\t\t\t\t<\/div>\n\t\t<\/div>\n\t\t\t\t\t<\/div>\n\t\t<\/section>\n\t\t\t\t<section class=\"elementor-section elementor-top-section elementor-element elementor-element-0cf7a71 elementor-section-boxed elementor-section-height-default elementor-section-height-default\" data-id=\"0cf7a71\" data-element_type=\"section\" data-e-type=\"section\">\n\t\t\t\t\t\t<div class=\"elementor-container elementor-column-gap-default\">\n\t\t\t\t\t<div class=\"elementor-column elementor-col-100 elementor-top-column elementor-element elementor-element-35c592e\" data-id=\"35c592e\" data-element_type=\"column\" data-e-type=\"column\">\n\t\t\t<div class=\"elementor-widget-wrap elementor-element-populated\">\n\t\t\t\t\t\t<div class=\"elementor-element elementor-element-fa76c48 elementor-widget elementor-widget-video\" data-id=\"fa76c48\" data-element_type=\"widget\" data-e-type=\"widget\" data-settings=\"{&quot;youtube_url&quot;:&quot;https:\\\/\\\/youtu.be\\\/hvSgUVBva0I&quot;,&quot;video_type&quot;:&quot;youtube&quot;,&quot;controls&quot;:&quot;yes&quot;}\" data-widget_type=\"video.default\">\n\t\t\t\t<div class=\"elementor-widget-container\">\n\t\t\t\t\t\t\t<div class=\"elementor-wrapper elementor-open-inline\">\n\t\t\t<div class=\"elementor-video\"><\/div>\t\t<\/div>\n\t\t\t\t\t\t<\/div>\n\t\t\t\t<\/div>\n\t\t\t\t<div class=\"elementor-element elementor-element-1472206 animated-slow elementor-invisible elementor-widget elementor-widget-heading\" data-id=\"1472206\" data-element_type=\"widget\" data-e-type=\"widget\" data-settings=\"{&quot;motion_fx_motion_fx_scrolling&quot;:&quot;yes&quot;,&quot;motion_fx_translateY_effect&quot;:&quot;yes&quot;,&quot;motion_fx_translateY_speed&quot;:{&quot;unit&quot;:&quot;px&quot;,&quot;size&quot;:0.5,&quot;sizes&quot;:[]},&quot;_animation&quot;:&quot;fadeInUp&quot;,&quot;motion_fx_translateY_affectedRange&quot;:{&quot;unit&quot;:&quot;%&quot;,&quot;size&quot;:&quot;&quot;,&quot;sizes&quot;:{&quot;start&quot;:0,&quot;end&quot;:100}},&quot;motion_fx_devices&quot;:[&quot;desktop&quot;,&quot;tablet&quot;,&quot;mobile&quot;]}\" data-widget_type=\"heading.default\">\n\t\t\t\t<div class=\"elementor-widget-container\">\n\t\t\t\t\t<h2 class=\"elementor-heading-title elementor-size-default\">Une op\u00e9ration titanesque pour la Dordogne<\/h2>\t\t\t\t<\/div>\n\t\t\t\t<\/div>\n\t\t\t\t<div class=\"elementor-element elementor-element-404067d elementor-widget elementor-widget-text-editor\" data-id=\"404067d\" data-element_type=\"widget\" data-e-type=\"widget\" data-widget_type=\"text-editor.default\">\n\t\t\t\t<div class=\"elementor-widget-container\">\n\t\t\t\t\t\t\t\t\t<p>Ce programme d\u2019une surface totale de plus de 15\u00a0000m\u00b2 est r\u00e9alis\u00e9 par un groupement de plusieurs entreprises\u00a0du d\u00e9partement :<\/p><p>Lagarde et Laronze \/ Sol Technic \/ Vidal \/ Art Projetc \/ Rev\u00eat Isol \/ Riou \/ Erelec \/ Dutreix Schindler \/ Armis \/ Fabre<\/p><p>Ce projet a \u00e9t\u00e9 con\u00e7u par l\u2019agence DAS Architecture.<\/p><p>Baptis\u00e9 \u00ab Grand Font \u00bb, il sera compos\u00e9 d\u2019un RDC d\u2019une hauteur de 5,70m pour une surface de plus de 3\u00a0000m\u00b2, de 3 plateaux de 3,7m de haut chacun, pour une surface par \u00e9tages de 4 500 m\u00b2 (R+1), de 3000m\u00b2 (R+2) et de 2\u00a0500m\u00b2 (R+3)<\/p><p>Ce site accueillera le futur si\u00e8ge social du groupe Seven, holding compos\u00e9e de plusieurs filiales\u00a0:<\/p><p>Agema Agencement, Agema Construction, AGS Facilities, Lajarthe, Ahrpe, Jubien, Bouteiller et Serim<\/p>\t\t\t\t\t\t\t\t<\/div>\n\t\t\t\t<\/div>\n\t\t\t\t<div class=\"elementor-element elementor-element-efa9dae animated-slow elementor-invisible elementor-widget elementor-widget-heading\" data-id=\"efa9dae\" data-element_type=\"widget\" data-e-type=\"widget\" data-settings=\"{&quot;motion_fx_motion_fx_scrolling&quot;:&quot;yes&quot;,&quot;motion_fx_translateY_effect&quot;:&quot;yes&quot;,&quot;motion_fx_translateY_speed&quot;:{&quot;unit&quot;:&quot;px&quot;,&quot;size&quot;:0.5,&quot;sizes&quot;:[]},&quot;_animation&quot;:&quot;fadeInUp&quot;,&quot;motion_fx_translateY_affectedRange&quot;:{&quot;unit&quot;:&quot;%&quot;,&quot;size&quot;:&quot;&quot;,&quot;sizes&quot;:{&quot;start&quot;:0,&quot;end&quot;:100}},&quot;motion_fx_devices&quot;:[&quot;desktop&quot;,&quot;tablet&quot;,&quot;mobile&quot;]}\" data-widget_type=\"heading.default\">\n\t\t\t\t<div class=\"elementor-widget-container\">\n\t\t\t\t\t<h2 class=\"elementor-heading-title elementor-size-default\">Un projet qui mobilise les p\u00f4les d\u2019excellence d\u2019Agema construction !<\/h2>\t\t\t\t<\/div>\n\t\t\t\t<\/div>\n\t\t\t\t<div class=\"elementor-element elementor-element-988d8ad elementor-widget elementor-widget-text-editor\" data-id=\"988d8ad\" data-element_type=\"widget\" data-e-type=\"widget\" data-widget_type=\"text-editor.default\">\n\t\t\t\t<div class=\"elementor-widget-container\">\n\t\t\t\t\t\t\t\t\t<p>Les travaux de ce chantier titanesque ont d\u00e9marr\u00e9 en septembre 2022, avec l\u2019appui des \u00e9quipes ing\u00e9nieries.<\/p><p>Actuellement, les \u00e9quipes sur le terrain sont en train de finaliser les terrasses ext\u00e9rieures, les gardes corps et les diff\u00e9rentes finitions.<\/p><p>1 grue a \u00e9t\u00e9 d\u00e9ploy\u00e9e pour desservir l\u2019op\u00e9ration. C\u2019est d\u2019ailleurs la grue la plus haute que le Groupe n\u2019ait jamais install\u00e9e avec plus de 30m en hauteur sous crochet.<\/p><p>Dans les prochaines semaines, les \u00e9quipes du Groupe interviendront \u00e9galement sur la partie enrob\u00e9 et les diff\u00e9rents parkings pour un bien d\u2019une capacit\u00e9 de plus de 200 places.\u00a0Mobilisant jusqu\u2019\u00e0 plus d\u2019une trentaine d\u2019hommes au pic de l\u2019activit\u00e9, cette op\u00e9ration verra la livraison de la partie structurelle (clos-couvert) au printemps 2024.<\/p><p>Dans les \u00e9tapes suivantes, les agencements int\u00e9rieurs pourront commencer.<\/p>\t\t\t\t\t\t\t\t<\/div>\n\t\t\t\t<\/div>\n\t\t\t\t\t<\/div>\n\t\t<\/div>\n\t\t\t\t\t<\/div>\n\t\t<\/section>\n\t\t\t\t<section class=\"elementor-section elementor-top-section elementor-element elementor-element-dacc406 elementor-section-full_width elementor-section-height-default elementor-section-height-default\" data-id=\"dacc406\" data-element_type=\"section\" data-e-type=\"section\" data-settings=\"{&quot;background_background&quot;:&quot;classic&quot;}\">\n\t\t\t\t\t\t\t<div class=\"elementor-background-overlay\"><\/div>\n\t\t\t\t\t\t\t<div class=\"elementor-container elementor-column-gap-default\">\n\t\t\t\t\t<div class=\"elementor-column elementor-col-33 elementor-top-column elementor-element elementor-element-ec88163\" data-id=\"ec88163\" data-element_type=\"column\" data-e-type=\"column\">\n\t\t\t<div class=\"elementor-widget-wrap elementor-element-populated\">\n\t\t\t\t\t\t<div class=\"elementor-element elementor-element-047cea6 elementor-align-left elementor-widget elementor-widget-button\" data-id=\"047cea6\" data-element_type=\"widget\" data-e-type=\"widget\" data-widget_type=\"button.default\">\n\t\t\t\t<div class=\"elementor-widget-container\">\n\t\t\t\t\t\t\t\t\t<div class=\"elementor-button-wrapper\">\n\t\t\t\t\t<a class=\"elementor-button elementor-button-link elementor-size-md\" href=\"https:\/\/www.agema.fr\/fr\/chantier-ayor\/\">\n\t\t\t\t\t\t<span class=\"elementor-button-content-wrapper\">\n\t\t\t\t\t\t\t\t\t<span class=\"elementor-button-text\">&lt; Actualit\u00e9 pr\u00e9c\u00e9dente<\/span>\n\t\t\t\t\t<\/span>\n\t\t\t\t\t<\/a>\n\t\t\t\t<\/div>\n\t\t\t\t\t\t\t\t<\/div>\n\t\t\t\t<\/div>\n\t\t\t\t\t<\/div>\n\t\t<\/div>\n\t\t\t\t<div class=\"elementor-column elementor-col-33 elementor-top-column elementor-element elementor-element-4f9b7f4 elementor-hidden-mobile\" data-id=\"4f9b7f4\" data-element_type=\"column\" data-e-type=\"column\">\n\t\t\t<div class=\"elementor-widget-wrap\">\n\t\t\t\t\t\t\t<\/div>\n\t\t<\/div>\n\t\t\t\t<div class=\"elementor-column elementor-col-33 elementor-top-column elementor-element elementor-element-ae2c7dc\" data-id=\"ae2c7dc\" data-element_type=\"column\" data-e-type=\"column\">\n\t\t\t<div class=\"elementor-widget-wrap elementor-element-populated\">\n\t\t\t\t\t\t<div class=\"elementor-element elementor-element-9d5a9af elementor-align-right elementor-widget elementor-widget-button\" data-id=\"9d5a9af\" data-element_type=\"widget\" data-e-type=\"widget\" data-widget_type=\"button.default\">\n\t\t\t\t<div class=\"elementor-widget-container\">\n\t\t\t\t\t\t\t\t\t<div class=\"elementor-button-wrapper\">\n\t\t\t\t\t<a class=\"elementor-button elementor-button-link elementor-size-md\" href=\"\/basic-fit-le-balcon-de-la-firma\">\n\t\t\t\t\t\t<span class=\"elementor-button-content-wrapper\">\n\t\t\t\t\t\t\t\t\t<span class=\"elementor-button-text\">Actualit\u00e9 suivante &gt;<\/span>\n\t\t\t\t\t<\/span>\n\t\t\t\t\t<\/a>\n\t\t\t\t<\/div>\n\t\t\t\t\t\t\t\t<\/div>\n\t\t\t\t<\/div>\n\t\t\t\t\t<\/div>\n\t\t<\/div>\n\t\t\t\t\t<\/div>\n\t\t<\/section>\n\t\t\t\t<\/div>\n\t\t","protected":false},"excerpt":{"rendered":"<p>Une op\u00e9ration titanesque pour la Dordogne Ce programme d\u2019une surface totale de plus de 15\u00a0000m\u00b2 est r\u00e9alis\u00e9 par un groupement de plusieurs entreprises\u00a0du d\u00e9partement : Lagarde et Laronze \/ Sol Technic \/ Vidal \/ Art Projetc \/ Rev\u00eat Isol \/ Riou \/ Erelec \/ Dutreix Schindler \/ Armis \/ Fabre Ce projet a \u00e9t\u00e9 con\u00e7u [&hellip;]<\/p>\n","protected":false},"author":12,"featured_media":5804,"comment_status":"closed","ping_status":"open","sticky":false,"template":"","format":"standard","meta":{"footnotes":""},"categories":[19],"tags":[],"class_list":["post-6502","post","type-post","status-publish","format-standard","has-post-thumbnail","hentry","category-actualite"],"_links":{"self":[{"href":"https:\/\/www.agema.fr\/pt\/wp-json\/wp\/v2\/posts\/6502","targetHints":{"allow":["GET"]}}],"collection":[{"href":"https:\/\/www.agema.fr\/pt\/wp-json\/wp\/v2\/posts"}],"about":[{"href":"https:\/\/www.agema.fr\/pt\/wp-json\/wp\/v2\/types\/post"}],"author":[{"embeddable":true,"href":"https:\/\/www.agema.fr\/pt\/wp-json\/wp\/v2\/users\/12"}],"replies":[{"embeddable":true,"href":"https:\/\/www.agema.fr\/pt\/wp-json\/wp\/v2\/comments?post=6502"}],"version-history":[{"count":7,"href":"https:\/\/www.agema.fr\/pt\/wp-json\/wp\/v2\/posts\/6502\/revisions"}],"predecessor-version":[{"id":6527,"href":"https:\/\/www.agema.fr\/pt\/wp-json\/wp\/v2\/posts\/6502\/revisions\/6527"}],"wp:featuredmedia":[{"embeddable":true,"href":"https:\/\/www.agema.fr\/pt\/wp-json\/wp\/v2\/media\/5804"}],"wp:attachment":[{"href":"https:\/\/www.agema.fr\/pt\/wp-json\/wp\/v2\/media?parent=6502"}],"wp:term":[{"taxonomy":"category","embeddable":true,"href":"https:\/\/www.agema.fr\/pt\/wp-json\/wp\/v2\/categories?post=6502"},{"taxonomy":"post_tag","embeddable":true,"href":"https:\/\/www.agema.fr\/pt\/wp-json\/wp\/v2\/tags?post=6502"}],"curies":[{"name":"wp","href":"https:\/\/api.w.org\/{rel}","templated":true}]}}